[
{
"id": 126660,
"dsTags": [
"PACOTE",
"INTERNACIONAL"
],
"dtEntrada": null,
"dtSaida": null,
"nmTopVenda": "Baixa Temporada | Orlando sa\u00edda do Rio de Janeiro",
"dsUrlImg": "https:\/\/media.infotravel.com.br\/image\/upload\/c_scale,h_200\/AF3DFA0A344CDECA11B46A7FBC2CFCB2.png",
"dsUrlImgDetalhe": "https:\/\/media.infotravel.com.br\/image\/upload\/c_scale,h_200\/397E4E9F4965243A368E3E11E8254780.png",
"stManual": true,
"bannerType": "CONVENCIONAL",
"nrParcela": 12,
"dsDestaque": "Bloqueio a\u00e9reo",
"dsBanner": "<img src=\"https:\/\/d335luupugsy2.cloudfront.net\/cms%2Ffiles%2F97825%2F17870816601172-2026_Orlando_com_parques_da_Universal_GIG.png\">",
"vlTotal": 7056,
"vlTotalTaxa": 0,
"vlPagamento": 7056,
"sgMoeda": "R$",
"idPacote": null,
"tpOrigem": null,
"sgOrigem": null,
"nmOrigem": "Rio de Janeiro, Regi\u00e3o Sudeste, Brasil",
"idOrigem": 2732,
"tpDestino": null,
"sgDestino": null,
"nmDestino": "Orlando, Fl\u00f3rida, Estados Unidos",
"idDestino": 2446,
"idHotel": null,
"idEmpresa": 1,
"dsReservaTipo": "PACOTE A\u00c9REO",
"dtInclusao": "2026-08-20T23:21:21Z",
"dtValidade": "2026-08-31T23:59:00Z",
"idUnidade": 1093,
"idPontoVenda": null,
"chave": null,
"WSTopVenda": "{\"topVendaId\":126660,\"dsUrlBanner\":\"https:\/\/media.infotravel.com.br\/image\/upload\/c_scale,h_200\/AF3DFA0A344CDECA11B46A7FBC2CFCB2.png\",\"dsUrlBannerDetalhe\":\"https:\/\/media.infotravel.com.br\/image\/upload\/c_scale,h_200\/397E4E9F4965243A368E3E11E8254780.png\",\"imagenBannerList\":[],\"sgMoeda\":\"R$\",\"vlTotal\":7056.0,\"reservaPacote\":{\"keyPacoteParametro\":\"}{}{}{}{}{}{}{}{#|#F41FC8857F1BFF94DEFB4043BF159C6E\",\"origem\":{\"id\":2732,\"nm\":\"Rio de Janeiro, Regi\u00e3o Sudeste, Brasil\",\"am\":\"\",\"po\":false},\"destino\":{\"id\":2446,\"nm\":\"Orlando, Fl\u00f3rida, Estados Unidos\",\"am\":\"\",\"po\":false},\"vlComissaoAjuste\":0.0,\"stSelecionado\":false,\"stInfoxInfo\":false,\"stFornecedorDocObrigatorio\":false},\"dsBanner\":\"\\u003cimg src\\u003d\\\"https:\/\/d335luupugsy2.cloudfront.net\/cms%2Ffiles%2F97825%2F17870816601172-2026_Orlando_com_parques_da_Universal_GIG.png\\\"\\u003e\",\"dsDestaque\":\"Bloqueio a\u00e9reo\",\"nmBanner\":\"Baixa Temporada | Orlando sa\u00edda do Rio de Janeiro\",\"dsReservaTipo\":\"PACOTE A\u00c9REO\",\"sgReservaTipo\":\"PACAER\",\"dsTag\":\"PACOTE,INTERNACIONAL\",\"stManual\":true,\"dsLogo\":\"https:\/\/media.infotravel.com.br\/image\/upload\/c_scale,h_200\/BB77D03B45CFC46A5B5BFE5B7E32CF00.png\",\"qtParcela\":12,\"usuario\":{\"id\":1129,\"nome\":\"Michelle Menta\",\"email\":\"produtos@incomum.com\",\"telefone\":{\"nrDDD\":\"48\",\"nrTelefone\":\"996328407\",\"telefoneTipo\":\"RESIDENCIAL\"}}}"
}
]